[{"@context":"https:\/\/schema.org\/","@type":"Article","@id":"https:\/\/www.deproc.cz\/ulehcete-si-uklid-chce-to-jen-dobry-system\/#Article","mainEntityOfPage":"https:\/\/www.deproc.cz\/ulehcete-si-uklid-chce-to-jen-dobry-system\/","headline":"Uleh\u010dete si \u00faklid, chce to jen dobr\u00fd syst\u00e9m","name":"Uleh\u010dete si \u00faklid, chce to jen dobr\u00fd syst\u00e9m","description":"Nen\u00ed snad nikdo, kdo by se v&nbsp;\u00faklidu vylo\u017een\u011b vy\u017e\u00edval. Pokud tedy nejste jako Monika z&nbsp;P\u0159\u00e1tel. Ka\u017edop\u00e1dn\u011b \u00faklid k&nbsp;\u017eivotu pat\u0159\u00ed a v\u0161ichni se tak n\u011bjak l\u00e9pe c\u00edt\u00edme, kdy\u017e m\u00e1me kolem sebe \u010disto a hezky. Jist\u011b, ka\u017ed\u00fd m\u00e1 sv\u016fj vlastn\u00ed syst\u00e9m i jinou intenzitu \u00faklidu, ale v\u0161ichni se sna\u017e\u00edme udr\u017eovat si okolo sebe p\u0159ijateln\u011b poklizen\u00e9 okol\u00ed. Jen\u017ee&#46;&#46;&#46;","datePublished":"2019-09-08","dateModified":"2023-06-05","author":{"@type":"Person","@id":"https:\/\/www.deproc.cz\/author\/#Person","name":"","url":"https:\/\/www.deproc.cz\/author\/","identifier":1,"image":{"@type":"ImageObject","@id":"https:\/\/secure.gravatar.com\/avatar\/b72fc1bf1bf254b4118ef99c1da35a199f5a8e7c33c2166eae92618994df57ea?s=96&d=mm&r=g","url":"https:\/\/secure.gravatar.com\/avatar\/b72fc1bf1bf254b4118ef99c1da35a199f5a8e7c33c2166eae92618994df57ea?s=96&d=mm&r=g","height":96,"width":96}},"publisher":{"@type":"Organization","name":"deproc.cz","logo":{"@type":"ImageObject","@id":"\/logo.png","url":"\/logo.png","width":600,"height":60}},"image":{"@type":"ImageObject","@id":"https:\/\/www.deproc.cz\/wp-content\/uploads\/img_a354511_w3420_t1569091095.jpg","url":"https:\/\/www.deproc.cz\/wp-content\/uploads\/img_a354511_w3420_t1569091095.jpg","height":0,"width":0},"url":"https:\/\/www.deproc.cz\/ulehcete-si-uklid-chce-to-jen-dobry-system\/","about":["Byt a d\u016fm"],"wordCount":581,"articleBody":"Nen\u00ed snad nikdo, kdo by se v&nbsp;\u00faklidu vylo\u017een\u011b vy\u017e\u00edval. Pokud tedy nejste jako Monika z&nbsp;P\u0159\u00e1tel. Ka\u017edop\u00e1dn\u011b \u00faklid k&nbsp;\u017eivotu pat\u0159\u00ed a v\u0161ichni se tak n\u011bjak l\u00e9pe c\u00edt\u00edme, kdy\u017e m\u00e1me kolem sebe \u010disto a hezky. Jist\u011b, ka\u017ed\u00fd m\u00e1 sv\u016fj vlastn\u00ed syst\u00e9m i jinou intenzitu \u00faklidu, ale v\u0161ichni se sna\u017e\u00edme udr\u017eovat si okolo sebe p\u0159ijateln\u011b poklizen\u00e9 okol\u00ed. Jen\u017ee jak se z&nbsp;toho nezbl\u00e1znit? N\u011bkolik m\u00edstnost\u00ed v&nbsp;dom\u011b \u010di byt\u011b, do toho pr\u00e1ce, povinnosti s&nbsp;d\u011btmi, va\u0159en\u00ed, n\u00e1kupy a do toho je\u0161t\u011b udr\u017eovat cel\u00fd d\u016fm v&nbsp;\u010distot\u011b. Nemus\u00edte se toho ob\u00e1vat, a kdy\u017e si p\u0159i \u00faklidu stanov\u00edte jasn\u00e9 c\u00edle a p\u016fjdete na to postupn\u011b, ur\u010dit\u011b v\u00e1s to u\u017e nebude tolik d\u011bsit.\tM\u00edstnost po m\u00edstnostiNen\u00ed divu, \u017ee v\u00e1m jde z&nbsp;\u00faklidu hlava kolem, kdy\u017e se rozhodnete, \u017ee za jedno dopoledne dokonale vydrhnete cel\u00fd byt. V\u0161echny pokoje nar\u00e1z a k&nbsp;tomu kuchy\u0148 a koupelna? Nemo\u017en\u00e9. Proto si rozd\u011blte pr\u00e1ci na n\u011bkolik dn\u016f a vemte to p\u011bkn\u011b od podlahy. Ur\u010dete si kdy ve kter\u00fd den, co uklid\u00edte. Za\u010dn\u011bte kdekoliv, tam kde je to nejnutn\u011bj\u0161\u00ed a postupujte d\u00e1l. Pokud budete udr\u017eovat prostor \u010dist\u00fd pr\u016fb\u011b\u017en\u011b a ud\u011bl\u00e1te ka\u017ed\u00fd den n\u011bco, bude po\u0159\u00e1dek daleko sn\u00e1ze udr\u017eiteln\u00fd a vy p\u0159itom nemus\u00edte ze\u0161\u00edlet. D\u00edky tomu tak\u00e9 budete m\u00edt v\u00edce \u010dasu v\u011bnovat se i kout\u016fm a z\u00e1hyb\u016fm v&nbsp;dom\u00e1cnosti, na kter\u00e9 se b\u011b\u017en\u011b nedostane. \u010casto p\u0159ehl\u00ed\u017e\u00edme v\u0161echno, co nejde moc vid\u011bt a kam nedos\u00e1hneme. Na takov\u00e1 m\u00edsta pak dojde v\u011bt\u0161inou a\u017e p\u0159i v\u00e1no\u010dn\u00edm \u00faklidu, kdy\u017e to budete d\u011blat postupn\u011b a pr\u016fb\u011b\u017en\u011b, ani ten v\u00e1m u\u017e nebude zp\u016fsobovat hus\u00ed k\u016f\u017ei. Jde tak o dlouhodobou spokojenost.\tPro okna si vyhra\u010fte jin\u00fd den a vyu\u017e\u00edvejte fintySamotnou kapitolou je myt\u00ed oken, kter\u00e9 zabere v\u011bt\u0161inou nejv\u00edce \u010dasu. Aby ne, okna pat\u0159\u00ed k&nbsp;t\u011bm nejzne\u010di\u0161t\u011bn\u011bj\u0161\u00edm v\u016fbec. T\u011bm v\u011bnujte zvl\u00e1\u0161tn\u00ed den a vemte to jedn\u00edm hopem. Pokud jich m\u00e1te p\u0159ece jen v&nbsp;dom\u011b a\u017e p\u0159\u00edli\u0161, rozpo\u010d\u00edtejte si pr\u00e1ci spravedliv\u011b na n\u011bkolik po sob\u011b jdouc\u00edch dn\u016f. Jen na n\u011b nezapome\u0148te.Skv\u011bl\u00e9 je, \u017ee kdy\u017e budete ukl\u00edzet den po dni a ur\u010ditou pravidelnost\u00ed m\u016f\u017eete si pr\u00e1ci posl\u00e9ze i zna\u010dn\u011b usnadnit. Jen si to vemte, kdy\u017e p\u0159istoup\u00edte je spor\u00e1ku, kter\u00fd myjete pravideln\u011b, nebudou na n\u011bm \u017e\u00e1dn\u00e9 za\u0161l\u00e9 skvrny a p\u0159ip\u00e1leniny je\u0161t\u011b z&nbsp;minul\u00e9ho v\u00edkendu. Tak\u017ee po va\u0159en\u00ed ho sta\u010d\u00ed jen set\u0159\u00edt had\u0159\u00edkem a m\u00e1te vystar\u00e1no. Stejn\u00e9 to je i s&nbsp;koupelnou nebo toaletou. Pak sta\u010d\u00ed vz\u00edt na celou dom\u00e1cnost p\u00e1r vlh\u010den\u00fdch \u010dist\u00edc\u00edch ubrousk\u016f a s&nbsp;nimi ut\u0159ete a vy\u010dist\u00edte v\u0161echno, co tam nen\u00ed, b\u016fh v\u00ed jak dlouho. Zkr\u00e1t\u00ed se v\u00e1m t\u00edm podstatn\u011b i doba ukl\u00edzen\u00ed.                                                                                                                                                                                                                                                                                                                                                                                        4.6\/5 - (12 votes)        "},{"@context":"https:\/\/schema.org\/","@type":"BreadcrumbList","itemListElement":[{"@type":"ListItem","position":1,"name":"Uleh\u010dete si \u00faklid, chce to jen dobr\u00fd syst\u00e9m","item":"https:\/\/www.deproc.cz\/ulehcete-si-uklid-chce-to-jen-dobry-system\/#breadcrumbitem"}]}]