[{"@context":"https:\/\/schema.org\/","@type":"Article","@id":"https:\/\/www.deproc.cz\/kdy-a-kam-se-maji-hoste-dostavit\/#Article","mainEntityOfPage":"https:\/\/www.deproc.cz\/kdy-a-kam-se-maji-hoste-dostavit\/","headline":"Kdy a kam se maj\u00ed host\u00e9 dostavit?","name":"Kdy a kam se maj\u00ed host\u00e9 dostavit?","description":"Ka\u017ed\u00fd p\u00e1r, kter\u00fd za\u010d\u00edn\u00e1 \u0159e\u0161it p\u0159\u00edpravu sv\u00e9ho v\u00fdznamn\u00e9ho dne, je\u017e bude zajist\u00e9 d\u016fle\u017eit\u00fdm mezn\u00edkem v jejich \u017eivot\u011b, mus\u00ed za\u010d\u00edt u svatebn\u00edho ozn\u00e1men\u00ed. V\u0161ichni bl\u00edzc\u00ed a p\u0159\u00e1tel\u00e9 se p\u0159ece n\u011bjak\u00fdm zp\u016fsobem mus\u00ed dozv\u011bd\u011bt, \u017ee do toho chcete kone\u010dn\u011b \u201epra\u0161tit\u201c a v neposledn\u00ed \u0159ad\u011b tak\u00e9 dostat informace o tom, kdy a kam se maj\u00ed dostavit. Nev\u00e1hejte tedy&#46;&#46;&#46;","datePublished":"2025-09-04","dateModified":"2025-09-04","author":{"@type":"Person","@id":"https:\/\/www.deproc.cz\/author\/#Person","name":"","url":"https:\/\/www.deproc.cz\/author\/","identifier":1,"image":{"@type":"ImageObject","@id":"https:\/\/secure.gravatar.com\/avatar\/b72fc1bf1bf254b4118ef99c1da35a199f5a8e7c33c2166eae92618994df57ea?s=96&d=mm&r=g","url":"https:\/\/secure.gravatar.com\/avatar\/b72fc1bf1bf254b4118ef99c1da35a199f5a8e7c33c2166eae92618994df57ea?s=96&d=mm&r=g","height":96,"width":96}},"publisher":{"@type":"Organization","name":"deproc.cz","logo":{"@type":"ImageObject","@id":"\/logo.png","url":"\/logo.png","width":600,"height":60}},"url":"https:\/\/www.deproc.cz\/kdy-a-kam-se-maji-hoste-dostavit\/","wordCount":200,"articleBody":" Ka\u017ed\u00fd p\u00e1r, kter\u00fd za\u010d\u00edn\u00e1 \u0159e\u0161it p\u0159\u00edpravu sv\u00e9ho v\u00fdznamn\u00e9ho dne, je\u017e bude zajist\u00e9 d\u016fle\u017eit\u00fdm mezn\u00edkem v jejich \u017eivot\u011b, mus\u00ed za\u010d\u00edt u svatebn\u00edho ozn\u00e1men\u00ed. V\u0161ichni bl\u00edzc\u00ed a p\u0159\u00e1tel\u00e9 se p\u0159ece n\u011bjak\u00fdm zp\u016fsobem mus\u00ed dozv\u011bd\u011bt, \u017ee do toho chcete kone\u010dn\u011b \u201epra\u0161tit\u201c a v neposledn\u00ed \u0159ad\u011b tak\u00e9 dostat informace o tom, kdy a kam se maj\u00ed dostavit. Nev\u00e1hejte tedy vytvo\u0159it jedine\u010dnou pozv\u00e1nku, kterou si n\u00e1sledn\u011b ka\u017ed\u00fd host va\u0161\u00ed veselky r\u00e1d schov\u00e1 a p\u0159i ka\u017ed\u00e9m pohledu na ni na v\u00e1s s radost\u00ed zavzpom\u00edn\u00e1. Nic nen\u00ed nemo\u017en\u00e9 D\u00edky modern\u00edm technologi\u00edm nen\u00ed v dne\u0161n\u00ed dob\u011b opravdu nic nemo\u017en\u00e9. M\u016f\u017eete m\u00edt pozv\u00e1nky barevn\u00e9, zlacen\u00e9, \u010derno-b\u00edl\u00e9, r\u016fzn\u00fdch tvar\u016f, r\u016fzn\u00fdch druh\u016f p\u00edsma, s okrasn\u00fdmi ozd\u016fbkami\u2026zkr\u00e1tka na co si jen vzpomenete. Nav\u0161tivte tedy vhodnou agenturu, nechte si vytvo\u0159it grafick\u00fd n\u00e1vrh, dle va\u0161ich p\u0159edstav a u\u017e se jen t\u011b\u0161te, jak budou v\u0161ichni va\u0161\u00edm po\u010dinem pot\u011b\u0161eni.                                                                                                                                                                                                                                                                                                                                                                                                "},{"@context":"https:\/\/schema.org\/","@type":"BreadcrumbList","itemListElement":[{"@type":"ListItem","position":1,"name":"Kdy a kam se maj\u00ed host\u00e9 dostavit?","item":"https:\/\/www.deproc.cz\/kdy-a-kam-se-maji-hoste-dostavit\/#breadcrumbitem"}]}]