[{"@context":"https:\/\/schema.org\/","@type":"Article","@id":"https:\/\/www.deproc.cz\/jak-na-uceni-tak-na-hrani\/#Article","mainEntityOfPage":"https:\/\/www.deproc.cz\/jak-na-uceni-tak-na-hrani\/","headline":"Jak na u\u010den\u00ed, tak na hran\u00ed","name":"Jak na u\u010den\u00ed, tak na hran\u00ed","description":"Ide\u00e1ln\u00ed je, pokud m\u00e1 d\u00edt\u011b sv\u016fj vlastn\u00ed pokoj a nemus\u00ed se o n\u011bj s&nbsp;nik\u00fdm d\u011blit. V\u011bt\u0161ina d\u011bt\u00ed, kter\u00e9 maj\u00ed sourozence, se v\u0161ak o m\u00edstnost mus\u00ed pod\u011blit s&nbsp;n\u011bk\u00fdm dal\u0161\u00edm. V\u0161echno m\u00e1 ale svoje \u0159e\u0161en\u00ed a inspirac\u00ed najdete tak\u00e9 celou \u0159adu. 1.&nbsp;&nbsp;&nbsp;&nbsp;&nbsp; Na hran\u00ed, u\u010den\u00ed, sp\u00e1nek i odpo\u010dinek D\u011btsk\u00fd pokoj by m\u011bl spl\u0148ovat hned n\u011bkolik z\u00e1kladn\u00edch krit\u00e9ri\u00ed.&#46;&#46;&#46;","datePublished":"2019-09-04","dateModified":"2023-06-05","author":{"@type":"Person","@id":"https:\/\/www.deproc.cz\/author\/#Person","name":"","url":"https:\/\/www.deproc.cz\/author\/","identifier":1,"image":{"@type":"ImageObject","@id":"https:\/\/secure.gravatar.com\/avatar\/b72fc1bf1bf254b4118ef99c1da35a199f5a8e7c33c2166eae92618994df57ea?s=96&d=mm&r=g","url":"https:\/\/secure.gravatar.com\/avatar\/b72fc1bf1bf254b4118ef99c1da35a199f5a8e7c33c2166eae92618994df57ea?s=96&d=mm&r=g","height":96,"width":96}},"publisher":{"@type":"Organization","name":"deproc.cz","logo":{"@type":"ImageObject","@id":"\/logo.png","url":"\/logo.png","width":600,"height":60}},"image":{"@type":"ImageObject","@id":"https:\/\/www.deproc.cz\/wp-content\/uploads\/img_a355305_w3420_t1569676476.png","url":"https:\/\/www.deproc.cz\/wp-content\/uploads\/img_a355305_w3420_t1569676476.png","height":0,"width":0},"url":"https:\/\/www.deproc.cz\/jak-na-uceni-tak-na-hrani\/","about":["Byt a d\u016fm"],"wordCount":479,"articleBody":"Ide\u00e1ln\u00ed je, pokud m\u00e1 d\u00edt\u011b sv\u016fj vlastn\u00ed pokoj a nemus\u00ed se o n\u011bj s&nbsp;nik\u00fdm d\u011blit. V\u011bt\u0161ina d\u011bt\u00ed, kter\u00e9 maj\u00ed sourozence, se v\u0161ak o m\u00edstnost mus\u00ed pod\u011blit s&nbsp;n\u011bk\u00fdm dal\u0161\u00edm. V\u0161echno m\u00e1 ale svoje \u0159e\u0161en\u00ed a inspirac\u00ed najdete tak\u00e9 celou \u0159adu.1.&nbsp;&nbsp;&nbsp;&nbsp;&nbsp; Na hran\u00ed, u\u010den\u00ed, sp\u00e1nek i odpo\u010dinekD\u011btsk\u00fd pokoj by m\u011bl spl\u0148ovat hned n\u011bkolik z\u00e1kladn\u00edch krit\u00e9ri\u00ed. M\u011blo by v&nbsp;n\u011bm b\u00fdt v\u0161echno pot\u0159ebn\u00e9, pohodln\u00e1 postel na span\u00ed, pokud je d\u011bt\u00ed v\u00edce, pak je ide\u00e1ln\u00edm \u0159e\u0161en\u00edm palanda, psac\u00ed st\u016fl, kvalitn\u00ed \u017eidle, koutek, kde mohou b\u00fdt hra\u010dky, dostate\u010dn\u00e9 osv\u011btlen\u00ed. Z\u00e1le\u017e\u00ed tak\u00e9 na tom, jakou \u010d\u00e1stku m\u016f\u017eete z&nbsp;rodinn\u00e9ho rozpo\u010dtu do p\u0159estavby pokoje investovat. Ide\u00e1ln\u00edm \u0159e\u0161en\u00edm je, uzp\u016fsobit pokoj tak, aby mohl b\u00fdt vyu\u017e\u00edv\u00e1n nejen v&nbsp;pr\u016fb\u011bhu doch\u00e1zky na z\u00e1kladn\u00ed \u0161kolu, ale i pozd\u011bji p\u0159i studiu st\u0159edn\u00ed \u0161koly. Ale to u\u017e je na uv\u00e1\u017een\u00ed ka\u017ed\u00e9ho.2.&nbsp;&nbsp;&nbsp;&nbsp;&nbsp; U\u010den\u00ed a voln\u00fd \u010dasProstor by m\u011bl b\u00fdt uzp\u016fsoben pro r\u016fzn\u00e9 aktivity. Z\u00e1kladem je velikost m\u00edstnosti, kde je d\u011btsk\u00fd pokoj. Ve v\u011bt\u0161\u00edm prostoru m\u00e1te mo\u017enost se dostate\u010dn\u011b vy\u0159\u00e1dit a nejste nijak omezov\u00e1ni, u men\u0161\u00edch m\u00edstnost\u00ed bude organizace trochu n\u00e1ro\u010dn\u011bj\u0161\u00ed, ale nic nen\u00ed nemo\u017en\u00e9. P\u0159edev\u0161\u00edm jde o to, aby bylo v\u0161echno prakticky rozm\u00edst\u011bno.P\u0159i v\u00fdb\u011bru psac\u00edho stolu a \u017eidle dbejte na kvalitu a na to, aby n\u00e1bytek s&nbsp;d\u00edt\u011btem rostl a nemuseli jste ho za p\u00e1r let m\u011bnit. Na toto v\u00fdrobci mysleli a varianta rostouc\u00edho n\u00e1bytku je tak ide\u00e1ln\u00edm \u0159e\u0161en\u00edm, a to i z&nbsp;finan\u010dn\u00ed str\u00e1nky. St\u016fl by m\u011bl b\u00fdt pokud mo\u017eno v&nbsp;m\u00edstech, kde je nejv\u00edce sv\u011btla. Dne\u0161n\u00ed generace u\u017e se bez po\u010d\u00edta\u010de neobejde, myslete tedy i na prostor pro jeho um\u00edst\u011bn\u00ed.3.&nbsp;&nbsp;&nbsp;&nbsp;&nbsp; M\u00edsto na odpo\u010d\u00edv\u00e1n\u00edSta\u010d\u00ed jen mal\u00fd koutek, ale je d\u016fle\u017eit\u00fd. U\u010den\u00ed se odb\u00fdvat nem\u00e1, ale i relaxovat je nutn\u00e9. Ide\u00e1ln\u00edm m\u00edstem pro odpo\u010dinek je sedac\u00ed pytel nebo vak. Pokoj by m\u011bl b\u00fdt ve vesel\u00fdch barv\u00e1ch, hlavn\u011b sv\u011btl\u00fdch, kter\u00e9 u\u010din\u00ed m\u00edstnost velkou, s&nbsp;barvou st\u011bn m\u016f\u017eete sladit i ostatn\u00ed dopl\u0148ky jako pol\u0161t\u00e1\u0159e \u010di koberec.                                                                                                                                                                                                                                                                                                                                                                                        4.5\/5 - (11 votes)        "},{"@context":"https:\/\/schema.org\/","@type":"BreadcrumbList","itemListElement":[{"@type":"ListItem","position":1,"name":"Jak na u\u010den\u00ed, tak na hran\u00ed","item":"https:\/\/www.deproc.cz\/jak-na-uceni-tak-na-hrani\/#breadcrumbitem"}]}]