[{"@context":"https:\/\/schema.org\/","@type":"Article","@id":"https:\/\/www.deproc.cz\/dentalni-hygiena-liberec\/#Article","mainEntityOfPage":"https:\/\/www.deproc.cz\/dentalni-hygiena-liberec\/","headline":"Dent\u00e1ln\u00ed hygiena Liberec","name":"Dent\u00e1ln\u00ed hygiena Liberec","description":"Jestli\u017ee je n\u011bco, co se stalo obrovsk\u00fdm hitem, pak je to dent\u00e1ln\u00ed hygiena. Nap\u0159\u00edklad na severu \u010cesk\u00e9 republiky se velmi prodlu\u017euj\u00ed \u010dekac\u00ed lh\u016fty. Nen\u00ed se tak\u00e9 \u010demu divit. Kdo z n\u00e1s by necht\u011bl m\u00edt kr\u00e1sn\u00fd chrup? Snad opravdu ka\u017ed\u00fd. Dent\u00e1ln\u00ed hygiena je pro n\u011bkter\u00e9 z n\u00e1s takovou novinkou. V posledn\u00edch dnech p\u0159ib\u00fdv\u00e1 z\u00e1jemc\u016f a to&#46;&#46;&#46;","datePublished":"2019-09-12","dateModified":"2023-06-05","author":{"@type":"Person","@id":"https:\/\/www.deproc.cz\/author\/#Person","name":"","url":"https:\/\/www.deproc.cz\/author\/","identifier":1,"image":{"@type":"ImageObject","@id":"https:\/\/secure.gravatar.com\/avatar\/b72fc1bf1bf254b4118ef99c1da35a199f5a8e7c33c2166eae92618994df57ea?s=96&d=mm&r=g","url":"https:\/\/secure.gravatar.com\/avatar\/b72fc1bf1bf254b4118ef99c1da35a199f5a8e7c33c2166eae92618994df57ea?s=96&d=mm&r=g","height":96,"width":96}},"publisher":{"@type":"Organization","name":"deproc.cz","logo":{"@type":"ImageObject","@id":"\/logo.png","url":"\/logo.png","width":600,"height":60}},"image":{"@type":"ImageObject","@id":"https:\/\/www.deproc.cz\/wp-content\/uploads\/img_a350152_w1690_t1564999145.jpg","url":"https:\/\/www.deproc.cz\/wp-content\/uploads\/img_a350152_w1690_t1564999145.jpg","height":0,"width":0},"url":"https:\/\/www.deproc.cz\/dentalni-hygiena-liberec\/","about":["Slu\u017eby"],"wordCount":455,"articleBody":"           Jestli\u017ee je n\u011bco, co se stalo obrovsk\u00fdm hitem, pak je to dent\u00e1ln\u00ed hygiena. Nap\u0159\u00edklad na severu \u010cesk\u00e9 republiky se velmi prodlu\u017euj\u00ed \u010dekac\u00ed lh\u016fty. Nen\u00ed se tak\u00e9 \u010demu divit. Kdo z n\u00e1s by necht\u011bl m\u00edt kr\u00e1sn\u00fd chrup? Snad opravdu ka\u017ed\u00fd. Dent\u00e1ln\u00ed hygiena je pro n\u011bkter\u00e9 z n\u00e1s takovou novinkou. V posledn\u00edch dnech p\u0159ib\u00fdv\u00e1 z\u00e1jemc\u016f a to ve velk\u00e9m. Od za\u010d\u00e1tku roku je tomu ale d\u00edky VZP, kter\u00e1 sv\u00fdm klient\u016fm speci\u00e1ln\u00ed p\u00e9\u010di nab\u00edz\u00ed a tak\u00e9 propl\u00e1c\u00ed. Pro\u010d toho tedy nevyu\u017e\u00edt? \u010clov\u011bk by m\u011bl vyu\u017e\u00edt v\u0161ech mo\u017enost\u00ed, dokud tady je\u0161t\u011b jsou. Dokonce i oby\u010dejn\u00ed zuba\u0159i za\u010d\u00ednaj\u00ed mnohem v\u00edce ps\u00e1t doporu\u010den\u00ed na dent\u00e1ln\u00ed hygienu, co\u017e je rozhodn\u011b dob\u0159e. Pokud byste m\u011bli o tento p\u0159\u00edsp\u011bvek z\u00e1jem a jste u VZP, pak t\u00e9to mo\u017enosti rozhodn\u011b vyu\u017eijte, dokud tady je\u0161t\u011b je. Sami uvid\u00edte, \u017ee s v\u00fdsledkem budete rozhodn\u011b v\u00edce ne\u017e spokojeni. D\u00edky tomu, \u017ee p\u0159ib\u00fdv\u00e1 pacient\u016f, se velmi prodlu\u017euje \u010dekac\u00ed doba. Lid\u00e9 kv\u016fli tomu st\u00e1le volaj\u00ed, ale bohu\u017eel se s t\u00edm ned\u00e1 nic d\u011blat. Je t\u0159eba si po\u010dkat, nebo zkusit zavolat n\u011bkam jinam. Ne nadarmo se \u0159\u00edk\u00e1, \u017ee kdo si po\u010dk\u00e1, ten se do\u010dk\u00e1. Z\u00e1jem o tuto mo\u017enost je tak velk\u00fd, \u017ee poji\u0161\u0165ovna musela ji\u017e nav\u00fd\u0161it rozpo\u010det na tento benefit a to ji\u017e podruh\u00e9. VZP se rozhodla nav\u00fd\u0161it rozpo\u010det tak, aby se dostalo na v\u0161echny a aby byl propl\u00e1cen, co nejd\u00e9le to jen p\u016fjde. \u017de nev\u00edte, o co konkr\u00e9tn\u011b se zaj\u00edm\u00e1 dent\u00e1ln\u00ed hygiena? Dent\u00e1ln\u00ed hygienisti se sna\u017e\u00ed omezit vznik paradont\u00f3zy a zamezit ztr\u00e1t\u011b zub\u016f. Jedn\u00e1 se o \u010di\u0161t\u011bn\u00ed zub\u016f, o\u0161et\u0159en\u00ed d\u00e1sn\u00ed, odstran\u011bn\u00ed zubn\u00edho kamene apod. Nap\u0159\u00edklad dent\u00e1ln\u00ed hygiena Liberec http:\/\/www.2kdent.cz\/dentalni-hygiena nab\u00edz\u00ed je\u0161t\u011b dal\u0161\u00ed bod, a to je v\u00fduka o spr\u00e1vn\u00e9 p\u00e9\u010di o zuby. Je t\u0159eba pacienty odnau\u010dit \u017ev\u00fdk\u00e1n\u00ed nevhodn\u00fdch pom\u016fcek, odnau\u010dit zlozvyky apod. C\u00edlem je, aby byl sestaven individu\u00e1ln\u00ed pl\u00e1n pro ka\u017ed\u00e9ho klienta. D\u00edky tomu bude umo\u017en\u011bna kvalitn\u00ed a tak\u00e9 \u0161etrn\u00e1 p\u00e9\u010de o zuby. Dent\u00e1ln\u00ed hygienu by m\u011bl \u010dlov\u011bk nav\u0161t\u00edvit alespo\u0148 jednou za p\u016fl roku a to podobn\u011b jako oby\u010dejn\u00e9ho zuba\u0159e. Pokud se vyskytnou pot\u00ed\u017ee, pak ur\u010dit\u011b \u010dast\u011bji.                                                                                                                                                                                                                                                                                                                                                                                          5\/5 - (1 vote)        "},{"@context":"https:\/\/schema.org\/","@type":"BreadcrumbList","itemListElement":[{"@type":"ListItem","position":1,"name":"Dent\u00e1ln\u00ed hygiena Liberec","item":"https:\/\/www.deproc.cz\/dentalni-hygiena-liberec\/#breadcrumbitem"}]}]