[{"@context":"https:\/\/schema.org\/","@type":"Article","@id":"https:\/\/www.deproc.cz\/co-by-dali-nasi-predkove-za-vchodove-dvere-kolin\/#Article","mainEntityOfPage":"https:\/\/www.deproc.cz\/co-by-dali-nasi-predkove-za-vchodove-dvere-kolin\/","headline":"Co by dali na\u0161i p\u0159edkov\u00e9 za vchodov\u00e9 dve\u0159e Kol\u00edn?","name":"Co by dali na\u0161i p\u0159edkov\u00e9 za vchodov\u00e9 dve\u0159e Kol\u00edn?","description":"Dne\u0161n\u00ed modern\u00ed syst\u00e9m a pokroky ji\u017e nenut\u00ed n\u00e1s lidi \u017e\u00edt n\u011bkde pod \u0161ir\u00e1kem nebo v jeskyni. Ka\u017ed\u00fd se sna\u017e\u00ed zajistit si kompletn\u00ed d\u016fm nebo byt, kde najde svoje soukrom\u00ed, bezpe\u010d\u00ed a teplo. A to v\u0161echno je i d\u00edky tomu, \u017ee m\u016f\u017eete za sebou zav\u0159\u00edt a dokonce i zamknout. Na\u0161i p\u0159edkov\u00e9 by se asi divili, jak&#46;&#46;&#46;","datePublished":"2023-12-16","dateModified":"2023-12-16","author":{"@type":"Person","@id":"https:\/\/www.deproc.cz\/author\/#Person","name":"","url":"https:\/\/www.deproc.cz\/author\/","identifier":1,"image":{"@type":"ImageObject","@id":"https:\/\/secure.gravatar.com\/avatar\/b72fc1bf1bf254b4118ef99c1da35a199f5a8e7c33c2166eae92618994df57ea?s=96&d=mm&r=g","url":"https:\/\/secure.gravatar.com\/avatar\/b72fc1bf1bf254b4118ef99c1da35a199f5a8e7c33c2166eae92618994df57ea?s=96&d=mm&r=g","height":96,"width":96}},"publisher":{"@type":"Organization","name":"deproc.cz","logo":{"@type":"ImageObject","@id":"\/logo.png","url":"\/logo.png","width":600,"height":60}},"url":"https:\/\/www.deproc.cz\/co-by-dali-nasi-predkove-za-vchodove-dvere-kolin\/","wordCount":241,"articleBody":"Dne\u0161n\u00ed modern\u00ed syst\u00e9m a pokroky ji\u017e nenut\u00ed n\u00e1s lidi \u017e\u00edt n\u011bkde pod \u0161ir\u00e1kem nebo v jeskyni. Ka\u017ed\u00fd se sna\u017e\u00ed zajistit si kompletn\u00ed d\u016fm nebo byt, kde najde svoje soukrom\u00ed, bezpe\u010d\u00ed a teplo. A to v\u0161echno je i d\u00edky tomu, \u017ee m\u016f\u017eete za sebou zav\u0159\u00edt a dokonce i zamknout. Na\u0161i p\u0159edkov\u00e9 by se asi divili, jak snadno si mohli sv\u016fj domov za\u0159\u00eddit a i v t\u00e9 jeskyni m\u00edt svoje soukrom\u00ed. Na\u0161t\u011bst\u00ed my to u\u017e zn\u00e1me a m\u016f\u017eeme denn\u011b vyu\u017e\u00edvat. Dokonce i v\u00fdb\u011br dos\u00e1hnul velk\u00fdch pokrok\u016f a nemysl\u00ed se pouze na jeden typ z\u00e1kazn\u00edk\u016f, ale hned na v\u0161echny. M\u016f\u017eete si vybrat zav\u00edr\u00e1n\u00ed nejen pro d\u016fm, ale i pro modern\u00ed byt nebo chalupu n\u011bkde na venkov\u011b.V\u00e1\u0161 vkus bude viditeln\u00fdNa vchodov\u00e9 dve\u0159e Kol\u00edn se rozhodn\u011b budete t\u011b\u0161it. Z\u00edsk\u00e1te nejen kvalitu, d\u00edky kter\u00e9 vydr\u017e\u00ed ka\u017ed\u00e9 nep\u0159\u00edzniv\u00e9 chv\u00edle po\u010das\u00ed, ale i va\u0161e n\u00e1lady, kdy je rozhodn\u011b \u0161et\u0159it p\u0159i zav\u00edr\u00e1n\u00ed nebudete, ale budete moci vyu\u017e\u00edt i v\u00e1\u0161 vkus a p\u0159edstavy. Proto je pot\u0159eba se po\u0159\u00e1dn\u011b rozhodnout a promyslet, co vlastn\u011b chcete, proto\u017ee krom\u011b hrub\u00e9 stavby, budou to prvn\u00ed, co ka\u017ed\u00fd uvid\u00ed, kdy\u017e k va\u0161emu p\u0159\u00edbytku p\u0159istoup\u00ed.                                                                                                                                                                                                                                                                                                                                                                                        4.3\/5 - (15 votes)        "},{"@context":"https:\/\/schema.org\/","@type":"BreadcrumbList","itemListElement":[{"@type":"ListItem","position":1,"name":"Co by dali na\u0161i p\u0159edkov\u00e9 za vchodov\u00e9 dve\u0159e Kol\u00edn?","item":"https:\/\/www.deproc.cz\/co-by-dali-nasi-predkove-za-vchodove-dvere-kolin\/#breadcrumbitem"}]}]